{"id":53636,"date":"2025-12-12T14:48:37","date_gmt":"2025-12-12T06:48:37","guid":{"rendered":"https:\/\/www.om-macau.org\/macao-orchestra-2025-26-concert-season-presentsnew-year-concert-with-fado-diva-mariza\/"},"modified":"2026-04-17T14:38:21","modified_gmt":"2026-04-17T06:38:21","slug":"macao-orchestra-2025-26-concert-season-presentsnew-year-concert-with-fado-diva-mariza","status":"publish","type":"post","link":"https:\/\/www.om-macau.org\/pt-pt\/macao-orchestra-2025-26-concert-season-presentsnew-year-concert-with-fado-diva-mariza\/","title":{"rendered":"Temporada de Concertos 2025-26 da Orquestra de Macau apresenta concerto<br>de Ano Novo com fadista Mariza"},"content":{"rendered":"<p>[vc_row][vc_column]<div class=\"cqcarousel-container \" data-slidestoshow=\"5\" data-thumbstoshow=\"7\" data-dots=\"no\" data-arrows=\"no\" data-isgallery=\"is-gallery\" data-largeimagearrows=\"yes\" data-autoplay=\"no\" data-autoplayspeed=\"4000\" data-containerwidth=\"\" data-containermaxwidth=\"\" data-imgnum=\"4\" data-bottomversion=\"\" data-dotbottom=\"\"><div class=\"carousel-gallery\"><div><div class=\"gallery-con\" style=\"background-image:url(https:\/\/www.om-macau.org\/wp-content\/uploads\/2025\/09\/251210-\u65b0\u5e74\u97f3\u6a02\u6703\u4e3b\u8996\u89ba.jpg);\"><\/div><\/div><div><div class=\"gallery-con\" style=\"background-image:url(https:\/\/www.om-macau.org\/wp-content\/uploads\/2025\/08\/MARIZA0511-1-1.jpg);\"><\/div><\/div><div><div class=\"gallery-con\" style=\"background-image:url(https:\/\/www.om-macau.org\/wp-content\/uploads\/2026\/04\/l-3-1.jpg);\"><\/div><\/div><div><div class=\"gallery-con\" style=\"background-image:url(https:\/\/www.om-macau.org\/wp-content\/uploads\/2025\/07\/OM-with-Lio-crop.jpg);\"><\/div><\/div><\/div><div class=\"carousel-thumb is-gallery\"><div title=\"\"><img decoding=\"async\" src=\"https:\/\/www.om-macau.org\/wp-content\/uploads\/2025\/09\/251210-\u65b0\u5e74\u97f3\u6a02\u6703\u4e3b\u8996\u89ba-120x80.jpg\" \/><\/div><div title=\"\"><img decoding=\"async\" src=\"https:\/\/www.om-macau.org\/wp-content\/uploads\/2025\/08\/MARIZA0511-1-1-120x80.jpg\" \/><\/div><div title=\"\"><img decoding=\"async\" src=\"https:\/\/www.om-macau.org\/wp-content\/uploads\/2026\/04\/l-3-1-120x80.jpg\" \/><\/div><div title=\"\"><img decoding=\"async\" src=\"https:\/\/www.om-macau.org\/wp-content\/uploads\/2025\/07\/OM-with-Lio-crop-120x80.jpg\" \/><\/div><\/div><\/div>[vc_column_text]<\/p>\n<p style=\"text-align: justify;\">O Concerto de Ano Novo da Orquestra de Macau 2026 \u201cMariza, a Rainha do Fado e a Orquestra de Macau\u201d ter\u00e1 lugar no dia 31 de Dezembro, pelas 20:00 horas, no Centro Cultural de Macau &#8211; Grande Audit\u00f3rio. A fadista Mariza ir\u00e1 actuar ao vivo com a orquestra, interpretando, com a sua voz profundamente emotiva, uma selec\u00e7\u00e3o de fados ic\u00f3nicos e proporcionando ao p\u00fablico uma experi\u00eancia musical que transcende g\u00e9neros e fronteiras espaciais e temporais.<\/p>\n<p style=\"text-align: justify;\">Mariza \u00e9 uma das maiores estrelas internacionais do Fado, sendo reconhecida pelo seu estilo musical pr\u00f3prio, que incorpora elementos do soul, do jazz e do gospel. Com a sua voz poderosa, tem comovido p\u00fablicos nos palcos mais prestigiados do mundo. Neste concerto, Mariza apresentar\u00e1 com a Orquestra de Macau um repert\u00f3rio que combina fado tradicional e contempor\u00e2neo, enriquecido pelos ritmos das mornas de Cabo Verde,\u00a0<em>rhythm and blues<\/em>\u00a0e sonoridades do Brasil, de Espanha e de Mo\u00e7ambique \u2013 uma celebra\u00e7\u00e3o do fado com um estilo pessoal e diversificado.<\/p>\n<p style=\"text-align: justify;\">Desde a sua estreia em 1999, Mariza lan\u00e7ou v\u00e1rios \u00e1lbuns com vendas superiores a um milh\u00e3o de c\u00f3pias em todo o mundo, conquistando legi\u00f5es de admiradores. Foi tr\u00eas vezes distinguida como Melhor Artista Europeia de M\u00fasica do Mundo pela BBC Radio 3, e os seus \u00e1lbuns\u00a0<em>Terra<\/em>\u00a0e\u00a0<em>Mundo<\/em>\u00a0valeram-lhe nomea\u00e7\u00f5es para os Latin Grammy Awards, consolidando o seu estatuto de estrela mundial e a sua influ\u00eancia musical.<\/p>\n<p style=\"text-align: justify;\">O concerto ter\u00e1 uma dura\u00e7\u00e3o aproximada de 1 hora e 30 minutos, sem intervalo. Os bilhetes j\u00e1 se encontram \u00e0 venda na Bilheteira Online de Macau, aos pre\u00e7os de MOP400, MOP300, MOP250 e MOP180. Linha directa de reservas de bilhetes 24 horas: 2855 5555. reservas online:\u00a0<a href=\"http:\/\/www.macauticket.com\/\" target=\"_blank\" rel=\"noopener noreferrer\">www.macauticket.com<\/a>. A Temporada de Concertos da Orquestra de Macau 2025-26 \u00e9 co-organizada pelo Instituto Cultural, pela Sociedade Orquestra de Macau, Limitada, pelo Galaxy Entertainment Group, pela Melco Resorts &amp; Entertainment, pela MGM, pela Sands China Ltd., pela SJM Resorts, S.A., e pela Wynn Resorts (Macau), S.A., com o apoio\u00a0do\u00a0BOC\u00a0Macau. Para mais informa\u00e7\u00f5es sobre a Temporada de Concertos 2025-26 da Orquestra de Macau, ou para obter a vers\u00e3o digital do programa da Temporada, \u00e9 favor consultar a p\u00e1gina oficial da Orquestra de Macau (<a href=\"http:\/\/www.om-macau.org\/\" target=\"_blank\" rel=\"noopener noreferrer\">www.om-macau.org<\/a>), ou o programa da Temporada dispon\u00edvel na Bilheteira Online de Macau.<\/p>\n<p>[\/vc_column_text][\/vc_column][\/vc_row]<\/p>\n","protected":false},"excerpt":{"rendered":"<p>[vc_row][vc_column][vc_column_text] O Concerto de Ano Novo da Orquestra de Macau 2026 \u201cMariza, a Rainha do Fado e a Orquestra de &hellip; <a href=\"https:\/\/www.om-macau.org\/pt-pt\/macao-orchestra-2025-26-concert-season-presentsnew-year-concert-with-fado-diva-mariza\/\" class=\"more-link\">Continuar a ler<span class=\"screen-reader-text\"> &#8220;Temporada de Concertos 2025-26 da Orquestra de Macau apresenta concerto<br \/>de Ano Novo com fadista Mariza&#8221;<\/span><\/a><\/p>\n","protected":false},"author":2,"featured_media":0,"comment_status":"closed","ping_status":"closed","sticky":false,"template":"","format":"standard","meta":{"_acf_changed":false,"footnotes":""},"categories":[157],"tags":[],"class_list":["post-53636","post","type-post","status-publish","format-standard","hentry","category-notas-de-imprensa-pt-pt"],"acf":[],"_links":{"self":[{"href":"https:\/\/www.om-macau.org\/pt-pt\/wp-json\/wp\/v2\/posts\/53636","targetHints":{"allow":["GET"]}}],"collection":[{"href":"https:\/\/www.om-macau.org\/pt-pt\/wp-json\/wp\/v2\/posts"}],"about":[{"href":"https:\/\/www.om-macau.org\/pt-pt\/wp-json\/wp\/v2\/types\/post"}],"author":[{"embeddable":true,"href":"https:\/\/www.om-macau.org\/pt-pt\/wp-json\/wp\/v2\/users\/2"}],"replies":[{"embeddable":true,"href":"https:\/\/www.om-macau.org\/pt-pt\/wp-json\/wp\/v2\/comments?post=53636"}],"version-history":[{"count":2,"href":"https:\/\/www.om-macau.org\/pt-pt\/wp-json\/wp\/v2\/posts\/53636\/revisions"}],"predecessor-version":[{"id":53638,"href":"https:\/\/www.om-macau.org\/pt-pt\/wp-json\/wp\/v2\/posts\/53636\/revisions\/53638"}],"wp:attachment":[{"href":"https:\/\/www.om-macau.org\/pt-pt\/wp-json\/wp\/v2\/media?parent=53636"}],"wp:term":[{"taxonomy":"category","embeddable":true,"href":"https:\/\/www.om-macau.org\/pt-pt\/wp-json\/wp\/v2\/categories?post=53636"},{"taxonomy":"post_tag","embeddable":true,"href":"https:\/\/www.om-macau.org\/pt-pt\/wp-json\/wp\/v2\/tags?post=53636"}],"curies":[{"name":"wp","href":"https:\/\/api.w.org\/{rel}","templated":true}]}}