{"id":16905,"date":"2019-01-17T17:28:30","date_gmt":"2019-01-17T09:28:30","guid":{"rendered":"https:\/\/www.om-macau.org\/music-hour-with-musicians-3\/"},"modified":"2019-02-21T17:51:47","modified_gmt":"2019-02-21T09:51:47","slug":"music-hour-with-musicians-3","status":"publish","type":"post","link":"https:\/\/www.om-macau.org\/pt-pt\/music-hour-with-musicians-3\/","title":{"rendered":"Hora de M\u00fasica<br>Sess\u00e3o de Interc\u00e2mbio com M\u00fasicos"},"content":{"rendered":"<p>[vc_row][vc_column]<div class=\"cqcarousel-container \" data-slidestoshow=\"5\" data-thumbstoshow=\"7\" data-dots=\"yes\" data-arrows=\"yes\" data-isgallery=\"is-gallery\" data-largeimagearrows=\"yes\" data-autoplay=\"no\" data-autoplayspeed=\"4000\" data-containerwidth=\"\" data-containermaxwidth=\"\" data-imgnum=\"4\" data-bottomversion=\"\" data-dotbottom=\"\"><div class=\"carousel-gallery\"><div><div class=\"gallery-con\" style=\"background-image:url(https:\/\/www.om-macau.org\/wp-content\/uploads\/2019\/01\/20190127W008a.jpg);\"><\/div><\/div><div><div class=\"gallery-con\" style=\"background-image:url(https:\/\/www.om-macau.org\/wp-content\/uploads\/2019\/01\/20190127W009a.jpg);\"><\/div><\/div><div><div class=\"gallery-con\" style=\"background-image:url(https:\/\/www.om-macau.org\/wp-content\/uploads\/2019\/01\/20190127W010a.jpg);\"><\/div><\/div><div><div class=\"gallery-con\" style=\"background-image:url(https:\/\/www.om-macau.org\/wp-content\/uploads\/2019\/01\/20190127W013a.jpg);\"><\/div><\/div><\/div><div class=\"carousel-thumb is-gallery\"><div title=\"\"><img decoding=\"async\" src=\"https:\/\/www.om-macau.org\/wp-content\/uploads\/2019\/01\/20190127W008a-120x80.jpg\" \/><\/div><div title=\"\"><img decoding=\"async\" src=\"https:\/\/www.om-macau.org\/wp-content\/uploads\/2019\/01\/20190127W009a-120x80.jpg\" \/><\/div><div title=\"\"><img decoding=\"async\" src=\"https:\/\/www.om-macau.org\/wp-content\/uploads\/2019\/01\/20190127W010a-120x80.jpg\" \/><\/div><div title=\"\"><img decoding=\"async\" src=\"https:\/\/www.om-macau.org\/wp-content\/uploads\/2019\/01\/20190127W013a-120x80.jpg\" \/><\/div><\/div><\/div>[vc_column_text]Data: 2019\/1\/27 Domingo<br \/>\nHora: 19:00<br \/>\nLocal: Galeria dos Espelhos do Teatro Dom Pedro V<br \/>\nL\u00edngua: Mandarim<br \/>\nEntrada gratuita<\/p>\n<p>Oradores: Li Silei, Zhang Taiyang, Zhu Wukun<\/p>\n<p>Para aplica\u00e7\u00e3o, por favor consulte a nosso WeChat ou contactar o telephone (853) 2853 0782.[\/vc_column_text][\/vc_column][\/vc_row]<\/p>\n","protected":false},"excerpt":{"rendered":"<p>Oradores: Li Silei, Zhang Taiyang, Zhu Wukun<\/p>\n","protected":false},"author":5,"featured_media":17201,"comment_status":"closed","ping_status":"closed","sticky":false,"template":"","format":"standard","meta":{"_acf_changed":false,"footnotes":""},"categories":[146],"tags":[],"class_list":["post-16905","post","type-post","status-publish","format-standard","has-post-thumbnail","hentry","category-actividades"],"acf":[],"_links":{"self":[{"href":"https:\/\/www.om-macau.org\/pt-pt\/wp-json\/wp\/v2\/posts\/16905","targetHints":{"allow":["GET"]}}],"collection":[{"href":"https:\/\/www.om-macau.org\/pt-pt\/wp-json\/wp\/v2\/posts"}],"about":[{"href":"https:\/\/www.om-macau.org\/pt-pt\/wp-json\/wp\/v2\/types\/post"}],"author":[{"embeddable":true,"href":"https:\/\/www.om-macau.org\/pt-pt\/wp-json\/wp\/v2\/users\/5"}],"replies":[{"embeddable":true,"href":"https:\/\/www.om-macau.org\/pt-pt\/wp-json\/wp\/v2\/comments?post=16905"}],"version-history":[{"count":3,"href":"https:\/\/www.om-macau.org\/pt-pt\/wp-json\/wp\/v2\/posts\/16905\/revisions"}],"predecessor-version":[{"id":16910,"href":"https:\/\/www.om-macau.org\/pt-pt\/wp-json\/wp\/v2\/posts\/16905\/revisions\/16910"}],"wp:featuredmedia":[{"embeddable":true,"href":"https:\/\/www.om-macau.org\/pt-pt\/wp-json\/wp\/v2\/media\/17201"}],"wp:attachment":[{"href":"https:\/\/www.om-macau.org\/pt-pt\/wp-json\/wp\/v2\/media?parent=16905"}],"wp:term":[{"taxonomy":"category","embeddable":true,"href":"https:\/\/www.om-macau.org\/pt-pt\/wp-json\/wp\/v2\/categories?post=16905"},{"taxonomy":"post_tag","embeddable":true,"href":"https:\/\/www.om-macau.org\/pt-pt\/wp-json\/wp\/v2\/tags?post=16905"}],"curies":[{"name":"wp","href":"https:\/\/api.w.org\/{rel}","templated":true}]}}