{"id":25395,"global_id":"www.om-macau.org\/pt-pt\/?id=25395","global_id_lineage":["www.om-macau.org\/pt-pt\/?id=25395"],"author":"4","status":"publish","date":"2021-10-21 16:07:09","date_utc":"2021-10-21 08:07:09","modified":"2021-10-25 13:19:15","modified_utc":"2021-10-25 05:19:15","url":"https:\/\/www.om-macau.org\/pt-pt\/event\/2021-10-27-classical-express\/","rest_url":"https:\/\/www.om-macau.org\/pt-pt\/wp-json\/tribe\/events\/v1\/events\/25395","title":"Expresso Cl\u00e1ssico","description":"<p>[vc_row][vc_column width=&#8221;2\/3&#8243;]<div class=\"cqcarousel-container \" data-slidestoshow=\"5\" data-thumbstoshow=\"5\" data-dots=\"no\" data-arrows=\"no\" data-isgallery=\"is-gallery\" data-largeimagearrows=\"yes\" data-autoplay=\"no\" data-autoplayspeed=\"4000\" data-containerwidth=\"\" data-containermaxwidth=\"\" data-imgnum=\"2\" data-bottomversion=\"\" data-dotbottom=\"\"><div class=\"carousel-gallery\"><div><div class=\"gallery-con\" style=\"background-image:url(https:\/\/www.om-macau.org\/wp-content\/uploads\/2021\/04\/2021.04.28-classical-express.jpg);\"><\/div><\/div><div><div class=\"gallery-con\" style=\"background-image:url(https:\/\/www.om-macau.org\/wp-content\/uploads\/2021\/07\/20190306A038.jpg);\"><\/div><\/div><\/div><div class=\"carousel-thumb is-gallery\"><div title=\"\"><img decoding=\"async\" src=\"https:\/\/www.om-macau.org\/wp-content\/uploads\/2021\/04\/2021.04.28-classical-express-120x120.jpg\" \/><\/div><div title=\"\"><img decoding=\"async\" src=\"https:\/\/www.om-macau.org\/wp-content\/uploads\/2021\/07\/20190306A038-120x120.jpg\" \/><\/div><\/div><\/div>[vc_column_text]<span style=\"color: #ff00ff;\">Todos os ingressos foram distribu\u00eddos. Obrigado pelo seu apoio!<\/span>[\/vc_column_text][vc_column_text]<span style=\"color: #d1ae6d;\">Data: 2021.10.27 Quarta-feira 20:00<\/span><\/p>\n<p>Local: Teatro Dom Pedro V<\/p>\n<p>Maestro: Francis Kan<\/p>\n<p>Destaques do Programa:<br \/>\nJ. Strauss II: Raios e Trov\u00f5es, Op. 324<br \/>\nTchaikovsky: Serenata em D\u00f3 Maior para Cordas, Op. 48, 2nd movt.<br \/>\nJ. S. Bach: \u00c1ria da Corda Sol<\/p>\n<p>Crian\u00e7as menores de 6 anos n\u00e3o s\u00e3o permitidas.<br \/>\nAproximadamente 1 hora, sem intervalo<\/p>\n<p>[\/vc_column_text][vc_row_inner][vc_column_inner width=&#8221;1\/3&#8243;][vc_column_text el_class=&#8221;white mar-b5&#8243; css=&#8221;.vc_custom_1635138871041{margin-bottom: 0px !important;padding-bottom: 0px !important;}&#8221;]Maestro<br \/>\nFrancis Kan[\/vc_column_text][vc_single_image image=&#8221;15507&#8243; img_size=&#8221;75&#215;75&#8243; onclick=&#8221;link_image&#8221;][\/vc_column_inner][\/vc_row_inner][\/vc_column][vc_column width=&#8221;1\/3&#8243;][vc_column_text el_class=&#8221;white&#8221;]<\/p>\n<h2>Entrada com bilhete gratuito<\/h2>\n<p><span style=\"color: #ff00ff;\">Todos os ingressos foram distribu\u00eddos. Obrigado pelo seu apoio!<\/span><br \/>\nOs bilhetes podem ser levantados nos pontos de venda da Rede de Bilheteira de Macau por ordem de chegada\u3010das 12h00 do dia 22 de Outubro \u00e0s 12h00 do dia 27 de Outubro\u3011e est\u00e1 limitada a um m\u00e1ximo de dois bilhetes por pessoa.<\/p>\n<p>Para informa\u00e7\u00f5es sobre os bilhetes, por favor contacte a Bilheteira de Macau em 28555555 ou OM em 28530782.Para outras informa\u00e7\u00f5es mais atualizadas, por favor visite o site da OM.[\/vc_column_text][vc_row_inner][vc_column_inner width=&#8221;1\/4&#8243;][\/vc_column_inner][vc_column_inner width=&#8221;1\/4&#8243;][\/vc_column_inner][vc_column_inner width=&#8221;1\/4&#8243;][\/vc_column_inner][vc_column_inner width=&#8221;1\/4&#8243;][\/vc_column_inner][\/vc_row_inner][vc_column_text el_class=&#8221;white&#8221;]<\/p>\n<h2><\/h2>\n<p>[\/vc_column_text]<script charset=\"utf-8\" type=\"text\/javascript\">var switchTo5x=true;<\/script>\r\n<script charset=\"utf-8\" type=\"text\/javascript\" src=\"https:\/\/w.sharethis.com\/button\/buttons.js\"><\/script>\r\n<script charset=\"utf-8\" type=\"text\/javascript\">stLight.options({\"publisher\":\"2aa5e07a-cb9e-4ea9-bf8a-29c78bd35f7d\"});var st_type=\"wordpress4.5.1\";<\/script>\r\n<div class=\"row\"><div class=\"col-xs-12 mar-b35\"><span class='st_facebook_large' st_title='' st_url=''><\/span>\r<span class='st_googleplus_large' st_title='' st_url=''><\/span>\r<span class='st_twitter_large' st_title='' st_url=''><\/span>\r<span class='st_linkedin_large' st_title='' st_url=''><\/span>\r<span class='st_email_large' st_title='' st_url=''><\/span>\r<span class='st_sina_large' st_title='' st_url=''><\/span><\/div><\/div>[vc_row_inner css=&#8221;.vc_custom_1468908085120{margin-top: 35px !important;}&#8221;][vc_column_inner width=&#8221;1\/2&#8243;][vc_icon icon_fontawesome=&#8221;fa fa-users&#8221; color=&#8221;custom&#8221; background_style=&#8221;rounded-outline&#8221; background_color=&#8221;black&#8221; size=&#8221;xl&#8221; align=&#8221;center&#8221; custom_color=&#8221;#d1ae6d&#8221; css=&#8221;.vc_custom_1635138946048{margin-bottom: 0px !important;border-bottom-width: 0px !important;padding-bottom: 0px !important;}&#8221; link=&#8221;url:https%3A%2F%2Fwww.om-macau.org%2Fpt-pt%2F%E7%94%B3%E8%AB%8B%E6%88%90%E7%82%BA%E6%A8%82%E5%9C%98%E4%B9%8B%E5%8F%8B%2F||target:%20_blank|&#8221;][vc_column_text]<\/p>\n<p style=\"text-align: center;\"><span style=\"color: #d1ae6d;\"><a style=\"color: #d1ae6d;\" href=\"https:\/\/www.om-macau.org\/pt-pt\/\u7533\u8acb\u6210\u70ba\u6a02\u5718\u4e4b\u53cb\/\" target=\"_blank\" rel=\"noopener noreferrer\">Seja amigo da OM<\/a><\/span><\/p>\n<p>[\/vc_column_text][\/vc_column_inner][vc_column_inner width=&#8221;1\/2&#8243;][vc_icon icon_fontawesome=&#8221;fa fa-gift&#8221; color=&#8221;custom&#8221; background_style=&#8221;rounded-outline&#8221; background_color=&#8221;black&#8221; size=&#8221;xl&#8221; align=&#8221;center&#8221; custom_color=&#8221;#d1ae6d&#8221; css=&#8221;.vc_custom_1635138955839{margin-bottom: 0px !important;border-bottom-width: 0px !important;padding-bottom: 0px !important;}&#8221; link=&#8221;url:https%3A%2F%2Fwww.om-macau.org%2Fpt-pt%2Fdescontos-e-ofertas-para-a-temporada-da-orquestra-de-macau-2022-21%2F||target:%20_blank|&#8221;][vc_column_text]<\/p>\n<p style=\"text-align: center;\"><a href=\"https:\/\/www.om-macau.org\/pt-pt\/descontos-e-ofertas-para-a-temporada-da-orquestra-de-macau-2022-21\/\" target=\"_blank\" rel=\"noopener noreferrer\"><span style=\"color: #d1ae6d;\">Bilhetes Especiais<\/span><\/a><\/p>\n<p>[\/vc_column_text][\/vc_column_inner][\/vc_row_inner][\/vc_column][\/vc_row]<\/p>","excerpt":"","slug":"2021-10-27-classical-express","image":{"url":"https:\/\/www.om-macau.org\/wp-content\/uploads\/2021\/04\/2021.04.28-classical-express.jpg","id":23383,"extension":"jpg","width":2048,"height":1378,"sizes":{"thumbnail":{"width":150,"height":150,"mime-type":"image\/jpeg","url":"https:\/\/www.om-macau.org\/wp-content\/uploads\/2021\/04\/2021.04.28-classical-express-150x150.jpg"},"medium":{"width":300,"height":202,"mime-type":"image\/jpeg","url":"https:\/\/www.om-macau.org\/wp-content\/uploads\/2021\/04\/2021.04.28-classical-express-300x202.jpg"},"medium_large":{"width":768,"height":517,"mime-type":"image\/jpeg","url":"https:\/\/www.om-macau.org\/wp-content\/uploads\/2021\/04\/2021.04.28-classical-express-768x517.jpg"},"large":{"width":1024,"height":689,"mime-type":"image\/jpeg","url":"https:\/\/www.om-macau.org\/wp-content\/uploads\/2021\/04\/2021.04.28-classical-express-1024x689.jpg"},"post-thumbnail":{"width":1200,"height":807,"mime-type":"image\/jpeg","url":"https:\/\/www.om-macau.org\/wp-content\/uploads\/2021\/04\/2021.04.28-classical-express-1200x807.jpg"}}},"all_day":false,"start_date":"2021-10-27 20:00:00","start_date_details":{"year":"2021","month":"10","day":"27","hour":"20","minutes":"00","seconds":"00"},"end_date":"2021-10-27 21:00:00","end_date_details":{"year":"2021","month":"10","day":"27","hour":"21","minutes":"00","seconds":"00"},"utc_start_date":"2021-10-27 12:00:00","utc_start_date_details":{"year":"2021","month":"10","day":"27","hour":"12","minutes":"00","seconds":"00"},"utc_end_date":"2021-10-27 13:00:00","utc_end_date_details":{"year":"2021","month":"10","day":"27","hour":"13","minutes":"00","seconds":"00"},"timezone":"UTC+8","timezone_abbr":"UTC+8","cost":"","cost_details":{"currency_symbol":"","currency_position":"prefix","values":[]},"website":"","show_map":false,"show_map_link":false,"hide_from_listings":false,"sticky":false,"featured":false,"categories":[{"name":"M\u00fasica para Todos","slug":"6-musica-para-todos","term_group":0,"term_taxonomy_id":84,"taxonomy":"tribe_events_cat","description":"","parent":0,"count":104,"filter":"raw","id":84,"urls":{"self":"https:\/\/www.om-macau.org\/pt-pt\/wp-json\/tribe\/events\/v1\/categories\/84","collection":"https:\/\/www.om-macau.org\/pt-pt\/wp-json\/tribe\/events\/v1\/categories"}}],"tags":[],"venue":{"id":76,"author":"1","status":"publish","date":"2016-09-23 10:01:51","date_utc":"2016-09-23 02:01:51","modified":"2017-07-31 14:03:25","modified_utc":"2017-07-31 06:03:25","url":"https:\/\/www.om-macau.org\/local\/%e6%be%b3%e9%96%80%e6%97%85%e9%81%8a%e5%a1%94%e6%9c%83%e5%b1%95%e5%a8%9b%e6%a8%82%e4%b8%ad%e5%bf%83%e5%8a%87%e9%99%a2-3\/","venue":"\u5d17\u9802\u5287\u9662","description":"<p>3, 4, 6A, 8A, 18A, 19, 26A, 33, N1A<\/p>","slug":"%e6%be%b3%e9%96%80%e6%97%85%e9%81%8a%e5%a1%94%e6%9c%83%e5%b1%95%e5%a8%9b%e6%a8%82%e4%b8%ad%e5%bf%83%e5%8a%87%e9%99%a2-3","image":{"url":"https:\/\/www.om-macau.org\/wp-content\/uploads\/2016\/04\/\u5d17\u9802\u5287\u9662.jpg","id":487,"extension":"jpg","width":600,"height":400,"sizes":{"thumbnail":{"width":150,"height":150,"mime-type":"image\/jpeg","url":"https:\/\/www.om-macau.org\/wp-content\/uploads\/2016\/04\/\u5d17\u9802\u5287\u9662-150x150.jpg"},"medium":{"width":300,"height":200,"mime-type":"image\/jpeg","url":"https:\/\/www.om-macau.org\/wp-content\/uploads\/2016\/04\/\u5d17\u9802\u5287\u9662-300x200.jpg"}}},"address":"\u5d17\u9802\u524d\u5730","geo_lat":22.192284799999999478359313798137009143829345703125,"geo_lng":113.538058500000005324181984178721904754638671875,"json_ld":{"@type":"Place","name":"\u5d17\u9802\u5287\u9662","description":"&lt;p&gt;3, 4, 6A, 8A, 18A, 19, 26A, 33, N1A&lt;\/p&gt;\\n","image":"https:\/\/www.om-macau.org\/wp-content\/uploads\/2016\/04\/\u5d17\u9802\u5287\u9662.jpg","url":"https:\/\/www.om-macau.org\/local\/%e6%be%b3%e9%96%80%e6%97%85%e9%81%8a%e5%a1%94%e6%9c%83%e5%b1%95%e5%a8%9b%e6%a8%82%e4%b8%ad%e5%bf%83%e5%8a%87%e9%99%a2-3\/","address":{"@type":"PostalAddress","streetAddress":"\u5d17\u9802\u524d\u5730"},"geo":{"@type":"GeoCoordinates","latitude":22.192284799999999478359313798137009143829345703125,"longitude":113.538058500000005324181984178721904754638671875},"telephone":"","sameAs":""},"show_map":false,"show_map_link":true,"global_id":"www.om-macau.org\/pt-pt\/?id=76","global_id_lineage":["www.om-macau.org\/pt-pt\/?id=76"]},"organizer":[],"json_ld":{"@context":"http:\/\/schema.org","@type":"Event","name":"Expresso Cl\u00e1ssico","description":"&lt;p&gt;Todos os ingressos foram distribu\u00eddos. Obrigado pelo seu apoio!Data: 2021.10.27 Quarta-feira 20:00 Local: Teatro Dom Pedro V Maestro: Francis Kan &hellip; &lt;a href=&quot;https:\/\/www.om-macau.org\/pt-pt\/event\/2021-10-27-classical-express\/&quot; class=&quot;more-link&quot;&gt;Continuar a ler&lt;span class=&quot;screen-reader-text&quot;&gt; &quot;Expresso Cl\u00e1ssico&quot;&lt;\/span&gt;&lt;\/a&gt;&lt;\/p&gt;\\n","image":"https:\/\/www.om-macau.org\/wp-content\/uploads\/2021\/04\/2021.04.28-classical-express.jpg","url":"https:\/\/www.om-macau.org\/pt-pt\/event\/2021-10-27-classical-express\/","startDate":"2021-10-27T20:00:00+08:00","endDate":"2021-10-27T21:00:00+08:00","location":{"@type":"Place","name":"\u5d17\u9802\u5287\u9662","description":"&lt;p&gt;3, 4, 6A, 8A, 18A, 19, 26A, 33, N1A&lt;\/p&gt;\\n","image":"https:\/\/www.om-macau.org\/wp-content\/uploads\/2016\/04\/\u5d17\u9802\u5287\u9662.jpg","url":"https:\/\/www.om-macau.org\/local\/%e6%be%b3%e9%96%80%e6%97%85%e9%81%8a%e5%a1%94%e6%9c%83%e5%b1%95%e5%a8%9b%e6%a8%82%e4%b8%ad%e5%bf%83%e5%8a%87%e9%99%a2-3\/","address":{"@type":"PostalAddress","streetAddress":"\u5d17\u9802\u524d\u5730"},"geo":{"@type":"GeoCoordinates","latitude":22.192284799999999478359313798137009143829345703125,"longitude":113.538058500000005324181984178721904754638671875},"telephone":"","sameAs":""}}}