{"id":25186,"global_id":"www.om-macau.org\/pt-pt\/?id=25186","global_id_lineage":["www.om-macau.org\/pt-pt\/?id=25186"],"author":"6","status":"publish","date":"2021-09-21 14:06:22","date_utc":"2021-09-21 06:06:22","modified":"2021-09-25 09:38:41","modified_utc":"2021-09-25 01:38:41","url":"https:\/\/www.om-macau.org\/pt-pt\/event\/%e6%a8%82%e4%ba%ab%e3%83%bb%e8%97%9d%e5%8d%9a%e9%a4%a8-1400%e5%a0%b4\/","rest_url":"https:\/\/www.om-macau.org\/pt-pt\/wp-json\/tribe\/events\/v1\/events\/25186","title":"M\u00fasica No Museu De Arte De Macau (14:00 &#038; 16:15) &#8211; CANCELAR","description":"<p>[vc_row][vc_column width=&#8221;2\/3&#8243;]<div class=\"cqcarousel-container \" data-slidestoshow=\"5\" data-thumbstoshow=\"7\" data-dots=\"yes\" data-arrows=\"yes\" data-isgallery=\"is-gallery\" data-largeimagearrows=\"yes\" data-autoplay=\"no\" data-autoplayspeed=\"4000\" data-containerwidth=\"\" data-containermaxwidth=\"\" data-imgnum=\"1\" data-bottomversion=\"\" data-dotbottom=\"\"><div class=\"carousel-gallery\"><div><div class=\"gallery-con\" style=\"background-image:url(https:\/\/www.om-macau.org\/wp-content\/uploads\/2021\/09\/2005472256.jpg);\"><\/div><\/div><\/div><div class=\"carousel-thumb is-gallery\"><div title=\"\"><img decoding=\"async\" src=\"https:\/\/www.om-macau.org\/wp-content\/uploads\/2021\/09\/2005472256-120x80.jpg\" \/><\/div><\/div><\/div>[vc_column_text]<span style=\"color: #ff00ff;\">Em articula\u00e7\u00e3o com o trabalho de preven\u00e7\u00e3o e controle da pandemia definido pelo Governo da RAEM,actividades a partir de hoje (25 de Setembro)ser\u00e1 igualmente cancelado.<\/span>[\/vc_column_text][vc_column_text]<span style=\"color: #d1ae6d;\">Data\uff1a2021.09.25 S\u00e1bado 14:00 &amp; 16:15<\/span><br \/>\nLocal: Museu De Arte De Macau 3F<\/p>\n<p>Programa<br \/>\nBrahms: Quarteto de Cordas N.o 3 em Si bemol Maior, Op. 67<\/p>\n<p>Aproximadamente 45 minutos, sem intervalo<br \/>\n[\/vc_column_text][\/vc_column][vc_column width=&#8221;1\/3&#8243;][vc_column_text]<\/p>\n<h2>Entrada gratuita (n\u00e3o sujeita a inscri\u00e7\u00e3o)<\/h2>\n<p>[\/vc_column_text][vc_column_text]<\/p>\n<h2>\u5206\u4eab<\/h2>\n<p>[\/vc_column_text][vc_row_inner css=&#8221;.vc_custom_1468908085120{margin-top: 35px !important;}&#8221;][vc_column_inner width=&#8221;1\/2&#8243;][vc_icon icon_fontawesome=&#8221;fa fa-users&#8221; color=&#8221;custom&#8221; background_style=&#8221;rounded-outline&#8221; background_color=&#8221;black&#8221; size=&#8221;xl&#8221; align=&#8221;center&#8221; custom_color=&#8221;#d1ae6d&#8221; css=&#8221;.vc_custom_1560855994289{margin-bottom: 0px !important;border-bottom-width: 0px !important;padding-bottom: 0px !important;}&#8221; link=&#8221;url:https%3A%2F%2Fwww.om-macau.org%2F%25e6%2588%2590%25e7%2582%25ba%25e6%25a8%2582%25e5%259c%2598%25e4%25b9%258b%25e5%258f%258b%2F||target:%20_blank|&#8221;][vc_column_text]<\/p>\n<p style=\"text-align: center;\"><a href=\"https:\/\/www.om-macau.org\/%E7%94%B3%E8%AB%8B%E6%88%90%E7%82%BA%E6%A8%82%E5%9C%98%E4%B9%8B%E5%8F%8B\/\">Seja amigo da OM<\/a><\/p>\n<p>[\/vc_column_text][\/vc_column_inner][vc_column_inner width=&#8221;1\/2&#8243;][vc_icon icon_fontawesome=&#8221;fa fa-gift&#8221; color=&#8221;custom&#8221; background_style=&#8221;rounded-outline&#8221; background_color=&#8221;black&#8221; size=&#8221;xl&#8221; align=&#8221;center&#8221; custom_color=&#8221;#d1ae6d&#8221; css=&#8221;.vc_custom_1560856015117{margin-bottom: 0px !important;border-bottom-width: 0px !important;padding-bottom: 0px !important;}&#8221; link=&#8221;url:https%3A%2F%2Fwww.om-macau.org%2F2019-20-%25e6%25a8%2582%25e5%25ad%25a3%2F||target:%20_blank|&#8221;][vc_column_text]<\/p>\n<p style=\"text-align: center;\"><a href=\"https:\/\/www.om-macau.org\/2019-20-%e6%a8%82%e5%ad%a3\/\">Bilhetes Especiais<\/a><\/p>\n<p>[\/vc_column_text][\/vc_column_inner][\/vc_row_inner][\/vc_column][\/vc_row]<\/p>","excerpt":"","slug":"%e6%a8%82%e4%ba%ab%e3%83%bb%e8%97%9d%e5%8d%9a%e9%a4%a8-1400%e5%a0%b4","image":{"url":"https:\/\/www.om-macau.org\/wp-content\/uploads\/2021\/09\/2005472256.jpg","id":25176,"extension":"jpg","width":1282,"height":1080,"sizes":{"thumbnail":{"width":150,"height":150,"mime-type":"image\/jpeg","url":"https:\/\/www.om-macau.org\/wp-content\/uploads\/2021\/09\/2005472256-150x150.jpg"},"medium":{"width":300,"height":253,"mime-type":"image\/jpeg","url":"https:\/\/www.om-macau.org\/wp-content\/uploads\/2021\/09\/2005472256-300x253.jpg"},"medium_large":{"width":768,"height":647,"mime-type":"image\/jpeg","url":"https:\/\/www.om-macau.org\/wp-content\/uploads\/2021\/09\/2005472256-768x647.jpg"},"large":{"width":1024,"height":863,"mime-type":"image\/jpeg","url":"https:\/\/www.om-macau.org\/wp-content\/uploads\/2021\/09\/2005472256-1024x863.jpg"},"post-thumbnail":{"width":1200,"height":1011,"mime-type":"image\/jpeg","url":"https:\/\/www.om-macau.org\/wp-content\/uploads\/2021\/09\/2005472256-1200x1011.jpg"}}},"all_day":false,"start_date":"2021-09-25 14:00:00","start_date_details":{"year":"2021","month":"09","day":"25","hour":"14","minutes":"00","seconds":"00"},"end_date":"2021-09-25 15:00:00","end_date_details":{"year":"2021","month":"09","day":"25","hour":"15","minutes":"00","seconds":"00"},"utc_start_date":"2021-09-25 06:00:00","utc_start_date_details":{"year":"2021","month":"09","day":"25","hour":"06","minutes":"00","seconds":"00"},"utc_end_date":"2021-09-25 07:00:00","utc_end_date_details":{"year":"2021","month":"09","day":"25","hour":"07","minutes":"00","seconds":"00"},"timezone":"UTC+8","timezone_abbr":"UTC+8","cost":"","cost_details":{"currency_symbol":"","currency_position":"prefix","values":[]},"website":"","show_map":false,"show_map_link":false,"hide_from_listings":false,"sticky":false,"featured":false,"categories":[{"name":"M\u00fasica no Espa\u00e7o Art\u00edstico","slug":"musica-no-espaco-artistico","term_group":0,"term_taxonomy_id":78,"taxonomy":"tribe_events_cat","description":"","parent":0,"count":27,"filter":"raw","id":78,"urls":{"self":"https:\/\/www.om-macau.org\/pt-pt\/wp-json\/tribe\/events\/v1\/categories\/78","collection":"https:\/\/www.om-macau.org\/pt-pt\/wp-json\/tribe\/events\/v1\/categories"}}],"tags":[],"venue":{"id":588,"author":"1","status":"publish","date":"2016-09-23 09:53:23","date_utc":"2016-09-23 01:53:23","modified":"2017-07-31 16:10:11","modified_utc":"2017-07-31 08:10:11","url":"https:\/\/www.om-macau.org\/local\/%e6%be%b3%e9%96%80%e8%97%9d%e8%a1%93%e5%8d%9a%e7%89%a9%e9%a4%a8\/","venue":"\u6fb3\u9580\u85dd\u8853\u535a\u7269\u9928","description":"<p>3A, 8, 10A, 12, 17<\/p>","slug":"%e6%be%b3%e9%96%80%e8%97%9d%e8%a1%93%e5%8d%9a%e7%89%a9%e9%a4%a8","image":{"url":"https:\/\/www.om-macau.org\/wp-content\/uploads\/2016\/09\/\u6fb3\u9580\u85dd\u8853\u535a\u7269\u9928.jpg","id":589,"extension":"jpg","width":600,"height":395,"sizes":{"thumbnail":{"width":150,"height":150,"mime-type":"image\/jpeg","url":"https:\/\/www.om-macau.org\/wp-content\/uploads\/2016\/09\/\u6fb3\u9580\u85dd\u8853\u535a\u7269\u9928-150x150.jpg"},"medium":{"width":300,"height":198,"mime-type":"image\/jpeg","url":"https:\/\/www.om-macau.org\/wp-content\/uploads\/2016\/09\/\u6fb3\u9580\u85dd\u8853\u535a\u7269\u9928-300x198.jpg"}}},"address":"\u6fb3\u9580\u51bc\u661f\u6d77\u5927\u99ac\u8def","json_ld":{"@type":"Place","name":"\u6fb3\u9580\u85dd\u8853\u535a\u7269\u9928","description":"&lt;p&gt;3A, 8, 10A, 12, 17&lt;\/p&gt;\\n","image":"https:\/\/www.om-macau.org\/wp-content\/uploads\/2016\/09\/\u6fb3\u9580\u85dd\u8853\u535a\u7269\u9928.jpg","url":"https:\/\/www.om-macau.org\/local\/%e6%be%b3%e9%96%80%e8%97%9d%e8%a1%93%e5%8d%9a%e7%89%a9%e9%a4%a8\/","address":{"@type":"PostalAddress","streetAddress":"\u6fb3\u9580\u51bc\u661f\u6d77\u5927\u99ac\u8def"},"telephone":"","sameAs":""},"show_map":false,"show_map_link":true,"global_id":"www.om-macau.org\/pt-pt\/?id=588","global_id_lineage":["www.om-macau.org\/pt-pt\/?id=588"]},"organizer":[],"json_ld":{"@context":"http:\/\/schema.org","@type":"Event","name":"M\u00fasica No Museu De Arte De Macau (14:00 &#038; 16:15) &#8211; CANCELAR","description":"&lt;p&gt;Em articula\u00e7\u00e3o com o trabalho de preven\u00e7\u00e3o e controle da pandemia definido pelo Governo da RAEM,actividades a partir de hoje &hellip; &lt;a href=&quot;https:\/\/www.om-macau.org\/pt-pt\/event\/%e6%a8%82%e4%ba%ab%e3%83%bb%e8%97%9d%e5%8d%9a%e9%a4%a8-1400%e5%a0%b4\/&quot; class=&quot;more-link&quot;&gt;Continuar a ler&lt;span class=&quot;screen-reader-text&quot;&gt; &quot;M\u00fasica No Museu De Arte De Macau (14:00 &#038; 16:15) &#8211; CANCELAR&quot;&lt;\/span&gt;&lt;\/a&gt;&lt;\/p&gt;\\n","image":"https:\/\/www.om-macau.org\/wp-content\/uploads\/2021\/09\/2005472256.jpg","url":"https:\/\/www.om-macau.org\/pt-pt\/event\/%e6%a8%82%e4%ba%ab%e3%83%bb%e8%97%9d%e5%8d%9a%e9%a4%a8-1400%e5%a0%b4\/","startDate":"2021-09-25T14:00:00+08:00","endDate":"2021-09-25T15:00:00+08:00","location":{"@type":"Place","name":"\u6fb3\u9580\u85dd\u8853\u535a\u7269\u9928","description":"&lt;p&gt;3A, 8, 10A, 12, 17&lt;\/p&gt;\\n","image":"https:\/\/www.om-macau.org\/wp-content\/uploads\/2016\/09\/\u6fb3\u9580\u85dd\u8853\u535a\u7269\u9928.jpg","url":"https:\/\/www.om-macau.org\/local\/%e6%be%b3%e9%96%80%e8%97%9d%e8%a1%93%e5%8d%9a%e7%89%a9%e9%a4%a8\/","address":{"@type":"PostalAddress","streetAddress":"\u6fb3\u9580\u51bc\u661f\u6d77\u5927\u99ac\u8def"},"telephone":"","sameAs":""}}}