{"id":23218,"global_id":"www.om-macau.org\/pt-pt\/?id=23218","global_id_lineage":["www.om-macau.org\/pt-pt\/?id=23218"],"author":"3","status":"publish","date":"2021-03-16 12:42:58","date_utc":"2021-03-16 04:42:58","modified":"2021-07-23 18:53:07","modified_utc":"2021-07-23 10:53:07","url":"https:\/\/www.om-macau.org\/pt-pt\/event\/musica-em-patrimonio-mundial1700\/","rest_url":"https:\/\/www.om-macau.org\/pt-pt\/wp-json\/tribe\/events\/v1\/events\/23218","title":"M\u00fasica em Patrim\u00f3nio Mundial(17:00)","description":"<p>[vc_row][vc_column width=&#8221;2\/3&#8243;]<div class=\"cqcarousel-container \" data-slidestoshow=\"5\" data-thumbstoshow=\"8\" data-dots=\"no\" data-arrows=\"no\" data-isgallery=\"is-gallery\" data-largeimagearrows=\"yes\" data-autoplay=\"no\" data-autoplayspeed=\"4000\" data-containerwidth=\"\" data-containermaxwidth=\"\" data-imgnum=\"1\" data-bottomversion=\"\" data-dotbottom=\"\"><div class=\"carousel-gallery\"><div><div class=\"gallery-con\" style=\"background-image:url(https:\/\/www.om-macau.org\/wp-content\/uploads\/2020\/10\/20171202W007b.jpg);\"><\/div><\/div><\/div><div class=\"carousel-thumb is-gallery\"><div title=\"\"><img decoding=\"async\" src=\"https:\/\/www.om-macau.org\/wp-content\/uploads\/2020\/10\/20171202W007b-120x80.jpg\" \/><\/div><\/div><\/div>[vc_column_text]Data\uff1a2021\/4\/10 S\u00e1bado 17:00<\/p>\n<p>Local : Funda\u00e7\u00e3o Oriente<\/p>\n<p>Programa:<\/p>\n<p><span style=\"font-weight: 400;\">1.Haydn: Quarteto para Cordas em D\u00f3 Maior, Hob III:39, Op. 33, N.o 3 \u201cO P\u00e1ssaro\u201d<\/span><\/p>\n<p><span style=\"font-weight: 400;\">Quarteto de cordas\u00a0<\/span><\/p>\n<p><b> <\/b><span style=\"font-weight: 400;\">Yang Keyan \/ <\/span><b>\u00a0<\/b><span style=\"font-weight: 400;\">Shi Weimin \/ <\/span><b>\u00a0<\/b><span style=\"font-weight: 400;\">Li Yueying \/ <\/span><b>\u00a0<\/b><span style=\"font-weight: 400;\">Kuong Pou Lei<\/span><\/p>\n<p>&nbsp;<\/p>\n<p><span style=\"font-weight: 400;\">2.<\/span><span style=\"font-weight: 400;\">Haydn: Quarteto para Cordas em R\u00e9 Maior, Hob III:49, Op. 50, N.o 6 \u201cThe Frog\u201d<\/span><\/p>\n<p><span style=\"font-weight: 400;\">Quarteto de cordas<\/span><\/p>\n<p><span style=\"font-weight: 400;\">Xing Huifang \/ <\/span><b>\u00a0<\/b><span style=\"font-weight: 400;\">Liang Mu \/ <\/span><b>\u00a0<\/b><span style=\"font-weight: 400;\">Li Jun \/ <\/span><b>\u00a0<\/b><b>Zhang Taiyang<\/b>[\/vc_column_text][vc_column_text]<\/p>\n<p>[\/vc_column_text][\/vc_column][vc_column width=&#8221;1\/3&#8243;][vc_column_text el_class=&#8221;white&#8221;]<\/p>\n<h2><span style=\"font-weight: 400;\">Entrada gratuita (sujeita a inscri\u00e7\u00e3o)<\/span><\/h2>\n<p>A partir das 12:00 horas do dia 19 de March pode ser feito o registo para obten\u00e7\u00e3o de bilhetes na conta oficial do WeChat \u201cOrquestra de Macau\u201d e na p\u00e1gina \u201cOrquestra de Macau\u201d no Facebook sendo os lugares inclu\u00eddos para cada concerto e dispon\u00edvel por ordem de chegada[\/vc_column_text][vc_btn title=&#8221;Reserva de Bilghetes(17:00)&#8221; style=&#8221;gradient-custom&#8221; gradient_custom_color_1=&#8221;#dd8a0d&#8221; gradient_custom_color_2=&#8221;#ffffff&#8221; size=&#8221;lg&#8221; align=&#8221;center&#8221; button_block=&#8221;true&#8221; link=&#8221;url:http%3A%2F%2Fform.zh-sky.com%2Findex%3Ffid%3D246||target:%20_blank|&#8221;][vc_column_text el_class=&#8221;white&#8221;]<\/p>\n<h2>\u5206\u4eab<\/h2>\n<p>[\/vc_column_text]<script charset=\"utf-8\" type=\"text\/javascript\">var switchTo5x=true;<\/script>\r\n<script charset=\"utf-8\" type=\"text\/javascript\" src=\"https:\/\/w.sharethis.com\/button\/buttons.js\"><\/script>\r\n<script charset=\"utf-8\" type=\"text\/javascript\">stLight.options({\"publisher\":\"2aa5e07a-cb9e-4ea9-bf8a-29c78bd35f7d\"});var st_type=\"wordpress4.5.1\";<\/script>\r\n<div class=\"row\"><div class=\"col-xs-12 mar-b35\"><span class='st_facebook_large' st_title='' st_url=''><\/span>\r<span class='st_googleplus_large' st_title='' st_url=''><\/span>\r<span class='st_twitter_large' st_title='' st_url=''><\/span>\r<span class='st_linkedin_large' st_title='' st_url=''><\/span>\r<span class='st_email_large' st_title='' st_url=''><\/span>\r<span class='st_sina_large' st_title='' st_url=''><\/span><\/div><\/div>[vc_row_inner css=&#8221;.vc_custom_1468908085120{margin-top: 35px !important;}&#8221;][vc_column_inner width=&#8221;1\/2&#8243;][vc_icon icon_fontawesome=&#8221;fa fa-users&#8221; color=&#8221;custom&#8221; background_style=&#8221;rounded-outline&#8221; background_color=&#8221;black&#8221; size=&#8221;xl&#8221; align=&#8221;center&#8221; custom_color=&#8221;#d1ae6d&#8221; css=&#8221;.vc_custom_1597914636307{margin-bottom: 0px !important;border-bottom-width: 0px !important;padding-bottom: 0px !important;}&#8221; link=&#8221;url:https%3A%2F%2Fwww.om-macau.org%2F%25e6%2588%2590%25e7%2582%25ba%25e6%25a8%2582%25e5%259c%2598%25e4%25b9%258b%25e5%258f%258b%2F||target:%20_blank|&#8221;][vc_column_text]<\/p>\n<p style=\"text-align: center;\"><span style=\"color: #d1ae6d;\"><a style=\"color: #d1ae6d;\" href=\"https:\/\/www.om-macau.org\/%e6%88%90%e7%82%ba%e6%a8%82%e5%9c%98%e4%b9%8b%e5%8f%8b\/\" target=\"_blank\" rel=\"noopener noreferrer\">\u7533\u8acb\u6210\u70ba\u6a02\u5718\u4e4b\u53cb<\/a><\/span><\/p>\n<p>[\/vc_column_text][\/vc_column_inner][vc_column_inner width=&#8221;1\/2&#8243;][vc_icon icon_fontawesome=&#8221;fa fa-gift&#8221; color=&#8221;custom&#8221; background_style=&#8221;rounded-outline&#8221; background_color=&#8221;black&#8221; size=&#8221;xl&#8221; align=&#8221;center&#8221; custom_color=&#8221;#d1ae6d&#8221; css=&#8221;.vc_custom_1597914669398{margin-bottom: 0px !important;border-bottom-width: 0px !important;padding-bottom: 0px !important;}&#8221; link=&#8221;url:https%3A%2F%2Fwww.om-macau.org%2F2019-20-%25e6%25a8%2582%25e5%25ad%25a3%2F||target:%20_blank|&#8221;][vc_column_text]<\/p>\n<p style=\"text-align: center;\"><a href=\"https:\/\/www.om-macau.org\/2019-20-%e6%a8%82%e5%ad%a3\/\" target=\"_blank\" rel=\"noopener noreferrer\"><span style=\"color: #d1ae6d;\">\u8cfc\u7968\u512a\u60e0<\/span><\/a><\/p>\n<p>[\/vc_column_text][\/vc_column_inner][\/vc_row_inner][\/vc_column][\/vc_row]<\/p>","excerpt":"","slug":"musica-em-patrimonio-mundial1700","image":{"url":"https:\/\/www.om-macau.org\/wp-content\/uploads\/2020\/10\/20171202W007b.jpg","id":22288,"extension":"jpg","width":2048,"height":1365,"sizes":{"thumbnail":{"width":150,"height":150,"mime-type":"image\/jpeg","url":"https:\/\/www.om-macau.org\/wp-content\/uploads\/2020\/10\/20171202W007b-150x150.jpg"},"medium":{"width":300,"height":200,"mime-type":"image\/jpeg","url":"https:\/\/www.om-macau.org\/wp-content\/uploads\/2020\/10\/20171202W007b-300x200.jpg"},"medium_large":{"width":768,"height":512,"mime-type":"image\/jpeg","url":"https:\/\/www.om-macau.org\/wp-content\/uploads\/2020\/10\/20171202W007b-768x512.jpg"},"large":{"width":1024,"height":683,"mime-type":"image\/jpeg","url":"https:\/\/www.om-macau.org\/wp-content\/uploads\/2020\/10\/20171202W007b-1024x683.jpg"},"post-thumbnail":{"width":1200,"height":800,"mime-type":"image\/jpeg","url":"https:\/\/www.om-macau.org\/wp-content\/uploads\/2020\/10\/20171202W007b-1200x800.jpg"}}},"all_day":false,"start_date":"2021-04-10 17:00:00","start_date_details":{"year":"2021","month":"04","day":"10","hour":"17","minutes":"00","seconds":"00"},"end_date":"2021-04-10 17:45:00","end_date_details":{"year":"2021","month":"04","day":"10","hour":"17","minutes":"45","seconds":"00"},"utc_start_date":"2021-04-10 09:00:00","utc_start_date_details":{"year":"2021","month":"04","day":"10","hour":"09","minutes":"00","seconds":"00"},"utc_end_date":"2021-04-10 09:45:00","utc_end_date_details":{"year":"2021","month":"04","day":"10","hour":"09","minutes":"45","seconds":"00"},"timezone":"UTC+8","timezone_abbr":"UTC+8","cost":"","cost_details":{"currency_symbol":"","currency_position":"prefix","values":[]},"website":"","show_map":false,"show_map_link":false,"hide_from_listings":false,"sticky":false,"featured":false,"categories":[{"name":"Gostar de M\u00fasica, Partilhar a Alegria","slug":"gostar-de-musica-partilhar-a-alegria","term_group":0,"term_taxonomy_id":80,"taxonomy":"tribe_events_cat","description":"","parent":0,"count":17,"filter":"raw","id":80,"urls":{"self":"https:\/\/www.om-macau.org\/pt-pt\/wp-json\/tribe\/events\/v1\/categories\/80","collection":"https:\/\/www.om-macau.org\/pt-pt\/wp-json\/tribe\/events\/v1\/categories"}}],"tags":[],"venue":[],"organizer":[],"json_ld":{"@context":"http:\/\/schema.org","@type":"Event","name":"M\u00fasica em Patrim\u00f3nio Mundial(17:00)","description":"&lt;p&gt;Data\uff1a2021\/4\/10 S\u00e1bado 17:00 Local : Funda\u00e7\u00e3o Oriente Programa: 1.Haydn: Quarteto para Cordas em D\u00f3 Maior, Hob III:39, Op. 33, N.o &hellip; &lt;a href=&quot;https:\/\/www.om-macau.org\/pt-pt\/event\/musica-em-patrimonio-mundial1700\/&quot; class=&quot;more-link&quot;&gt;Continuar a ler&lt;span class=&quot;screen-reader-text&quot;&gt; &quot;M\u00fasica em Patrim\u00f3nio Mundial(17:00)&quot;&lt;\/span&gt;&lt;\/a&gt;&lt;\/p&gt;\\n","image":"https:\/\/www.om-macau.org\/wp-content\/uploads\/2020\/10\/20171202W007b.jpg","url":"https:\/\/www.om-macau.org\/pt-pt\/event\/musica-em-patrimonio-mundial1700\/","startDate":"2021-04-10T17:00:00+08:00","endDate":"2021-04-10T17:45:00+08:00"}}