{"id":21600,"global_id":"www.om-macau.org\/pt-pt\/?id=21600","global_id_lineage":["www.om-macau.org\/pt-pt\/?id=21600"],"author":"2","status":"publish","date":"2020-09-03 12:00:33","date_utc":"2020-09-03 04:00:33","modified":"2020-09-03 12:05:51","modified_utc":"2020-09-03 04:05:51","url":"https:\/\/www.om-macau.org\/pt-pt\/event\/musica-no-campus-2\/","rest_url":"https:\/\/www.om-macau.org\/pt-pt\/wp-json\/tribe\/events\/v1\/events\/21600","title":"M\u00fasica no Campus","description":"<p>[vc_row][vc_column width=&#8221;2\/3&#8243;]<div class=\"cqcarousel-container \" data-slidestoshow=\"5\" data-thumbstoshow=\"8\" data-dots=\"no\" data-arrows=\"no\" data-isgallery=\"is-gallery\" data-largeimagearrows=\"yes\" data-autoplay=\"no\" data-autoplayspeed=\"4000\" data-containerwidth=\"\" data-containermaxwidth=\"\" data-imgnum=\"1\" data-bottomversion=\"\" data-dotbottom=\"\"><div class=\"carousel-gallery\"><div><div class=\"gallery-con\" style=\"background-image:url(https:\/\/www.om-macau.org\/wp-content\/uploads\/2020\/08\/WhatsApp-Image-2019-10-25-at-2.28.10-PM.jpeg);\"><\/div><\/div><\/div><div class=\"carousel-thumb is-gallery\"><div title=\"\"><img decoding=\"async\" src=\"https:\/\/www.om-macau.org\/wp-content\/uploads\/2020\/08\/WhatsApp-Image-2019-10-25-at-2.28.10-PM-120x80.jpeg\" \/><\/div><\/div><\/div>[vc_column_text]<span style=\"color: #d1ae6d;\">Date: 26~28\/5\/2021<\/span><\/p>\n<p>A Orquestra de Macau tem persistido na educa\u00e7\u00e3o musical dos estudantes locais. Os nossos m\u00fasicos, organizados em grupos, v\u00e3o visitar\u00e3o creches, escolas secund\u00e1rias e prim\u00e1rias e organizar\u00e3o apresenta\u00e7\u00f5es musicais para estudantes de diferentes faixas et\u00e1rias. Juntamente com uma explica\u00e7\u00e3o animada e din\u00e2mica, vai ser dinamizado o interesse dos alunos pela m\u00fasica e a sua capacidade de apreciar a m\u00fasica.<\/p>\n<p>Para marca\u00e7\u00e3o de concertos, \u00e9 favor contactar a OM atrav\u00e9s de telefone, fax ou email.<\/p>\n<p>Tel: (853) 8399 6481<br \/>\nFax: (853) 2853 0666<br \/>\nEmail: ocm@icm.gov.mo[\/vc_column_text][vc_row_inner][vc_column_inner width=&#8221;1\/4&#8243;][\/vc_column_inner][vc_column_inner width=&#8221;1\/4&#8243;][\/vc_column_inner][vc_column_inner width=&#8221;1\/4&#8243;][\/vc_column_inner][vc_column_inner width=&#8221;1\/4&#8243;][\/vc_column_inner][\/vc_row_inner][\/vc_column][vc_column width=&#8221;1\/3&#8243;][vc_column_text el_class=&#8221;white&#8221;]<\/p>\n<h2>Partilhar<\/h2>\n<p>[\/vc_column_text]<script charset=\"utf-8\" type=\"text\/javascript\">var switchTo5x=true;<\/script>\r\n<script charset=\"utf-8\" type=\"text\/javascript\" src=\"https:\/\/w.sharethis.com\/button\/buttons.js\"><\/script>\r\n<script charset=\"utf-8\" type=\"text\/javascript\">stLight.options({\"publisher\":\"2aa5e07a-cb9e-4ea9-bf8a-29c78bd35f7d\"});var st_type=\"wordpress4.5.1\";<\/script>\r\n<div class=\"row\"><div class=\"col-xs-12 mar-b35\"><span class='st_facebook_large' st_title='' st_url=''><\/span>\r<span class='st_googleplus_large' st_title='' st_url=''><\/span>\r<span class='st_twitter_large' st_title='' st_url=''><\/span>\r<span class='st_linkedin_large' st_title='' st_url=''><\/span>\r<span class='st_email_large' st_title='' st_url=''><\/span>\r<span class='st_sina_large' st_title='' st_url=''><\/span><\/div><\/div>[vc_row_inner css=&#8221;.vc_custom_1468908085120{margin-top: 35px !important;}&#8221;][vc_column_inner width=&#8221;1\/2&#8243;][vc_icon icon_fontawesome=&#8221;fa fa-users&#8221; color=&#8221;custom&#8221; background_style=&#8221;rounded-outline&#8221; background_color=&#8221;black&#8221; size=&#8221;xl&#8221; align=&#8221;center&#8221; custom_color=&#8221;#d1ae6d&#8221; css=&#8221;.vc_custom_1598617707440{margin-bottom: 0px !important;border-bottom-width: 0px !important;padding-bottom: 0px !important;}&#8221; link=&#8221;url:https%3A%2F%2Fwww.om-macau.org%2Fpt-pt%2F%25e7%2594%25b3%25e8%25ab%258b%25e6%2588%2590%25e7%2582%25ba%25e6%25a8%2582%25e5%259c%2598%25e4%25b9%258b%25e5%258f%258b%2F||target:%20_blank|&#8221;][vc_column_text]<\/p>\n<p style=\"text-align: center;\"><span style=\"color: #d1ae6d;\"><a style=\"color: #d1ae6d;\" href=\"https:\/\/www.om-macau.org\/pt-pt\/%e7%94%b3%e8%ab%8b%e6%88%90%e7%82%ba%e6%a8%82%e5%9c%98%e4%b9%8b%e5%8f%8b\/\" target=\"_blank\" rel=\"noopener noreferrer\">Seja amigo da OM<\/a><\/span><\/p>\n<p>[\/vc_column_text][\/vc_column_inner][vc_column_inner width=&#8221;1\/2&#8243;][vc_icon icon_fontawesome=&#8221;fa fa-gift&#8221; color=&#8221;custom&#8221; background_style=&#8221;rounded-outline&#8221; background_color=&#8221;black&#8221; size=&#8221;xl&#8221; align=&#8221;center&#8221; custom_color=&#8221;#d1ae6d&#8221; css=&#8221;.vc_custom_1598123278415{margin-bottom: 0px !important;border-bottom-width: 0px !important;padding-bottom: 0px !important;}&#8221; link=&#8221;url:https%3A%2F%2Fwww.om-macau.org%2Fpt-pt%2Fdescontos-e-ofertas-para-a-temporada-da-orquestra-de-macau-2020-21%2F||target:%20_blank|&#8221;][vc_column_text]<\/p>\n<p style=\"text-align: center;\"><a href=\"https:\/\/www.om-macau.org\/pt-pt\/descontos-e-ofertas-para-a-temporada-da-orquestra-de-macau-2020-21\/\" target=\"_blank\" rel=\"noopener noreferrer\"><span style=\"color: #d1ae6d;\">Bilhetes Especiais<\/span><\/a><\/p>\n<p>[\/vc_column_text][\/vc_column_inner][\/vc_row_inner][\/vc_column][\/vc_row]<\/p>","excerpt":"<p>A Orquestra de Macau tem persistido na educa\u00e7\u00e3o musical dos estudantes locais.<\/p>","slug":"musica-no-campus-2","image":{"url":"https:\/\/www.om-macau.org\/wp-content\/uploads\/2020\/09\/1150333812.jpg","id":21589,"extension":"jpg","width":2048,"height":1536,"sizes":{"thumbnail":{"width":150,"height":150,"mime-type":"image\/jpeg","url":"https:\/\/www.om-macau.org\/wp-content\/uploads\/2020\/09\/1150333812-150x150.jpg"},"medium":{"width":300,"height":225,"mime-type":"image\/jpeg","url":"https:\/\/www.om-macau.org\/wp-content\/uploads\/2020\/09\/1150333812-300x225.jpg"},"medium_large":{"width":768,"height":576,"mime-type":"image\/jpeg","url":"https:\/\/www.om-macau.org\/wp-content\/uploads\/2020\/09\/1150333812-768x576.jpg"},"large":{"width":1024,"height":768,"mime-type":"image\/jpeg","url":"https:\/\/www.om-macau.org\/wp-content\/uploads\/2020\/09\/1150333812-1024x768.jpg"},"post-thumbnail":{"width":1200,"height":900,"mime-type":"image\/jpeg","url":"https:\/\/www.om-macau.org\/wp-content\/uploads\/2020\/09\/1150333812-1200x900.jpg"}}},"all_day":false,"start_date":"2021-05-26 20:00:00","start_date_details":{"year":"2021","month":"05","day":"26","hour":"20","minutes":"00","seconds":"00"},"end_date":"2021-05-28 21:00:00","end_date_details":{"year":"2021","month":"05","day":"28","hour":"21","minutes":"00","seconds":"00"},"utc_start_date":"2021-05-26 12:00:00","utc_start_date_details":{"year":"2021","month":"05","day":"26","hour":"12","minutes":"00","seconds":"00"},"utc_end_date":"2021-05-28 13:00:00","utc_end_date_details":{"year":"2021","month":"05","day":"28","hour":"13","minutes":"00","seconds":"00"},"timezone":"UTC+8","timezone_abbr":"UTC+8","cost":"","cost_details":{"currency_symbol":"","currency_position":"prefix","values":[]},"website":"","show_map":false,"show_map_link":false,"hide_from_listings":false,"sticky":false,"featured":false,"categories":[{"name":"M\u00fasica para o Futuro","slug":"musica-para-o-futuro","term_group":0,"term_taxonomy_id":82,"taxonomy":"tribe_events_cat","description":"","parent":0,"count":20,"filter":"raw","id":82,"urls":{"self":"https:\/\/www.om-macau.org\/pt-pt\/wp-json\/tribe\/events\/v1\/categories\/82","collection":"https:\/\/www.om-macau.org\/pt-pt\/wp-json\/tribe\/events\/v1\/categories"}},{"name":"M\u00fasica para Todos","slug":"6-musica-para-todos","term_group":0,"term_taxonomy_id":84,"taxonomy":"tribe_events_cat","description":"","parent":0,"count":104,"filter":"raw","id":84,"urls":{"self":"https:\/\/www.om-macau.org\/pt-pt\/wp-json\/tribe\/events\/v1\/categories\/84","collection":"https:\/\/www.om-macau.org\/pt-pt\/wp-json\/tribe\/events\/v1\/categories"}}],"tags":[],"venue":{"id":1907,"author":"1","status":"publish","date":"2016-10-14 14:59:53","date_utc":"2016-10-14 06:59:53","modified":"2016-10-17 16:54:59","modified_utc":"2016-10-17 08:54:59","url":"https:\/\/www.om-macau.org\/zh-hans\/local\/%e5%be%85%e5%ae%9a\/","venue":"\u5f85\u5b9a","slug":"%e5%be%85%e5%ae%9a","json_ld":{"@type":"Place","name":"\u5f85\u5b9a","description":"","url":"https:\/\/www.om-macau.org\/zh-hans\/local\/%e5%be%85%e5%ae%9a\/","address":{"@type":"PostalAddress"},"telephone":"","sameAs":""},"show_map":true,"show_map_link":true,"global_id":"www.om-macau.org\/pt-pt\/?id=1907","global_id_lineage":["www.om-macau.org\/pt-pt\/?id=1907"]},"organizer":[],"json_ld":{"@context":"http:\/\/schema.org","@type":"Event","name":"M\u00fasica no Campus","description":"&lt;p&gt;A Orquestra de Macau tem persistido na educa\u00e7\u00e3o musical dos estudantes locais.&lt;\/p&gt;\\n","image":"https:\/\/www.om-macau.org\/wp-content\/uploads\/2020\/09\/1150333812.jpg","url":"https:\/\/www.om-macau.org\/pt-pt\/event\/musica-no-campus-2\/","startDate":"2021-05-26T20:00:00+08:00","endDate":"2021-05-28T21:00:00+08:00","location":{"@type":"Place","name":"\u5f85\u5b9a","description":"","url":"https:\/\/www.om-macau.org\/zh-hans\/local\/%e5%be%85%e5%ae%9a\/","address":{"@type":"PostalAddress"},"telephone":"","sameAs":""}}}